{"id":150,"date":"2024-09-02T00:00:01","date_gmt":"2024-09-01T22:00:01","guid":{"rendered":"https:\/\/grandmeroceane.fr\/?p=150"},"modified":"2024-10-03T08:48:53","modified_gmt":"2024-10-03T06:48:53","slug":"forum-de-la-mer","status":"publish","type":"post","link":"https:\/\/grandmeroceane.fr\/?p=150","title":{"rendered":"Forum de la mer"},"content":{"rendered":"\t\t<div data-elementor-type=\"wp-post\" data-elementor-id=\"150\" class=\"elementor elementor-150\" data-elementor-post-type=\"post\">\n\t\t\t\t<div class=\"elementor-element elementor-element-52e3fe94 e-flex e-con-boxed e-con e-parent\" data-id=\"52e3fe94\" data-element_type=\"container\">\n\t\t\t\t\t<div class=\"e-con-inner\">\n\t\t\t\t<div class=\"elementor-element elementor-element-27443182 elementor-widget elementor-widget-text-editor\" data-id=\"27443182\" data-element_type=\"widget\" data-widget_type=\"text-editor.default\">\n\t\t\t\t<div class=\"elementor-widget-container\">\n\t\t\t\t\t\t\t<p><!-- wp:paragraph --><\/p>\n<p>Lors du Forum de la mer qui aura lieu les 4 et 5 octobre 2024, vous pourrez voir le spectacle au Palais des Congr\u00e8s des Sables d&rsquo;Olonne.<\/p>\n<p><!-- \/wp:paragraph --><\/p>\n<p><!-- wp:paragraph --><\/p>\n<p>Diffusion :<\/p>\n<p><!-- \/wp:paragraph --><\/p>\n<p><!-- wp:list --><\/p>\n<ul>\n<li style=\"list-style-type: none;\">\n<ul><!-- wp:list-item --><\/ul>\n<\/li>\n<\/ul>\n<p><\/p>\n<ul>\n<li style=\"list-style-type: none;\">\n<ul>\n<li>Le vendredi 4 octobre 2024 \u00e0<strong> 18 h : Spectacle sp\u00e9cial Vend\u00e9e Globe<\/strong>, enluminures anim\u00e9es inspir\u00e9es du bestiaire marin m\u00e9di\u00e9val\u00a0<\/li>\n<\/ul>\n<\/li>\n<\/ul>\n<p><!-- \/wp:list-item --><\/p>\n<p><!-- wp:list-item --><\/p>\n<ul>\n<li style=\"list-style-type: none;\">\n<ul>\n<li>Le samedi 5 octobre vers <strong>13\u00a0h\u00a030 : Spectacle sp\u00e9cial Vend\u00e9e Globe<\/strong>, enluminures anim\u00e9es inspir\u00e9es du bestiaire marin m\u00e9di\u00e9val\u00a0<\/li>\n<\/ul>\n<\/li>\n<\/ul>\n<p><!-- \/wp:list-item --><\/p>\n<p><!-- \/wp:list --><\/p>\n<p><!-- wp:heading {\"textAlign\":\"center\"} --><\/p>\n<p style=\"text-align: center;\"><strong><a href=\"https:\/\/boutique.lessablesdolonne-tourisme.com\/evenements\/forum-de-laventure-maritime\" target=\"_blank\" rel=\"noreferrer noopener\">Billetterie<\/a> <\/strong><\/p>\n<div>\n<p>Exposition des \u0153uvres\u00a0originales au Forum de l&rsquo;Aventure Maritime,\u00a0les 4 et 5 octobre prochains aux Sables d&rsquo;Olonne (85), Hall des Atlantes. Venez vite nous retrouver sur notre stand, au sein de la librairie \u00e9ph\u00e9m\u00e8re !\u00a0<br \/><br \/>Pour en savoir plus :\u00a0<a href=\"http:\/\/www.fanny-tixier.com\/\" rel=\"nofollow noopener\" target=\"_blank\" data-saferedirecturl=\"https:\/\/www.google.com\/url?q=http:\/\/www.fanny-tixier.com&amp;source=gmail&amp;ust=1728024197842000&amp;usg=AOvVaw3YPkuD2aSjX2EmgHay2YcC\">http:\/\/www.fanny-tixier.<wbr \/>com<\/a><\/p>\n<\/div>\n<p><!-- \/wp:heading --><\/p>\n<p><!-- wp:image {\"id\":400,\"sizeSlug\":\"large\",\"linkDestination\":\"none\"} --><\/p>\n<figure><img fetchpriority=\"high\" decoding=\"async\" data-recalc-dims=\"1\" src=\"https:\/\/mlrjxges5s1p.i.optimole.com\/w:auto\/h:auto\/q:mauto\/ig:avif\/https:\/\/i0.wp.com\/mlrjxges5s1p.i.optimole.com\/w%3A1024\/h%3A683\/q%3Amauto\/ig%3Aavif\/https%3A\/\/grandmeroceane.fr\/wp-content\/uploads\/2024\/06\/1200x800fam2024.png?w=750&#038;ssl=1\" alt=\"\" \/><\/figure>\n<p><!-- \/wp:image --><\/p>\n<p><!-- wp:shortcode --><br \/><iframe width=\"500\" height=\"806\" style=\"border: none; overflow: hidden;\" src=\"https:\/\/www.facebook.com\/plugins\/post.php?href=https%3A%2F%2Fwww.facebook.com%2Fles.sables.d.olonne%2Fposts%2Fpfbid0m4jYE4LSxtjrqtm7Ja7xG367cXBU2iuqtbJRLLNxjXndv2scroveZNfYHtHzcNKUl&amp;show_text=true&amp;width=500\" scrolling=\"no\" frameborder=\"0\" allowfullscreen=\"allowfullscreen\" allow=\"autoplay; clipboard-write; encrypted-media; picture-in-picture; web-share\"><\/iframe><br \/><!-- \/wp:shortcode --><\/p>\n<p><!-- wp:shortcode --><br \/><iframe width=\"504\" height=\"1109\" src=\"https:\/\/www.linkedin.com\/embed\/feed\/update\/urn:li:share:7246884324682207233\" frameborder=\"0\" allowfullscreen=\"allowfullscreen\" title=\"Post int\u00e9gr\u00e9\"><\/iframe><br \/><!-- \/wp:shortcode --><\/p>\n<p><!-- wp:paragraph --><\/p>\n<p><!-- \/wp:paragraph --><\/p>\t\t\t\t\t\t<\/div>\n\t\t\t\t<\/div>\n\t\t\t\t\t<\/div>\n\t\t\t\t<\/div>\n\t\t\t\t<\/div>\n\t\t","protected":false},"excerpt":{"rendered":"<p>Lors du Forum de la mer qui aura lieu les 4 et 5 octobre 2024, vous pourrez voir le spectacle au Palais des Congr\u00e8s des Sables d&rsquo;Olonne. Diffusion : Billetterie Exposition des \u0153uvres\u00a0originales au Forum de l&rsquo;Aventure Maritime,\u00a0les 4 et 5 octobre prochains aux Sables d&rsquo;Olonne (85), Hall des Atlantes. [&hellip;]<\/p>\n","protected":false},"author":1,"featured_media":400,"comment_status":"closed","ping_status":"open","sticky":true,"template":"","format":"standard","meta":{"om_disable_all_campaigns":false,"_monsterinsights_skip_tracking":false,"_monsterinsights_sitenote_active":false,"_monsterinsights_sitenote_note":"","_monsterinsights_sitenote_category":0,"advanced_seo_description":"","jetpack_seo_html_title":"","jetpack_seo_noindex":false,"_jetpack_memberships_contains_paid_content":false,"footnotes":""},"categories":[1],"tags":[],"class_list":["post-150","post","type-post","status-publish","format-standard","has-post-thumbnail","hentry","category-lieux-d-exposition"],"jetpack_sharing_enabled":true,"jetpack_featured_media_url":"https:\/\/mlrjxges5s1p.i.optimole.com\/w:auto\/h:auto\/q:mauto\/ig:avif\/https:\/\/i0.wp.com\/grandmeroceane.fr\/wp-content\/uploads\/2024\/06\/1200x800fam2024.png?fit=3000%2C2000&ssl=1","_links":{"self":[{"href":"https:\/\/grandmeroceane.fr\/index.php?rest_route=\/wp\/v2\/posts\/150","targetHints":{"allow":["GET"]}}],"collection":[{"href":"https:\/\/grandmeroceane.fr\/index.php?rest_route=\/wp\/v2\/posts"}],"about":[{"href":"https:\/\/grandmeroceane.fr\/index.php?rest_route=\/wp\/v2\/types\/post"}],"author":[{"embeddable":true,"href":"https:\/\/grandmeroceane.fr\/index.php?rest_route=\/wp\/v2\/users\/1"}],"replies":[{"embeddable":true,"href":"https:\/\/grandmeroceane.fr\/index.php?rest_route=%2Fwp%2Fv2%2Fcomments&post=150"}],"version-history":[{"count":12,"href":"https:\/\/grandmeroceane.fr\/index.php?rest_route=\/wp\/v2\/posts\/150\/revisions"}],"predecessor-version":[{"id":465,"href":"https:\/\/grandmeroceane.fr\/index.php?rest_route=\/wp\/v2\/posts\/150\/revisions\/465"}],"wp:featuredmedia":[{"embeddable":true,"href":"https:\/\/grandmeroceane.fr\/index.php?rest_route=\/wp\/v2\/media\/400"}],"wp:attachment":[{"href":"https:\/\/grandmeroceane.fr\/index.php?rest_route=%2Fwp%2Fv2%2Fmedia&parent=150"}],"wp:term":[{"taxonomy":"category","embeddable":true,"href":"https:\/\/grandmeroceane.fr\/index.php?rest_route=%2Fwp%2Fv2%2Fcategories&post=150"},{"taxonomy":"post_tag","embeddable":true,"href":"https:\/\/grandmeroceane.fr\/index.php?rest_route=%2Fwp%2Fv2%2Ftags&post=150"}],"curies":[{"name":"wp","href":"https:\/\/api.w.org\/{rel}","templated":true}]}}